{"id":766786,"date":"2023-10-05T07:00:00","date_gmt":"2023-10-05T07:00:00","guid":{"rendered":"https:\/\/www.sancos.md\/%f0%9f%91%a9%f0%9f%8f%bc%e2%9a%95%ef%b8%8f-medicii-de-la-clinica-sancos-trag-alarma-si-mentioneaza-ca-in-ultima-per\/"},"modified":"2023-10-05T07:00:00","modified_gmt":"2023-10-05T07:00:00","slug":"%f0%9f%91%a9%f0%9f%8f%bc%e2%9a%95%ef%b8%8f-medicii-de-la-clinica-sancos-trag-alarma-si-mentioneaza-ca-in-ultima-per","status":"publish","type":"post","link":"https:\/\/www.sancos.md\/ru\/%f0%9f%91%a9%f0%9f%8f%bc%e2%9a%95%ef%b8%8f-medicii-de-la-clinica-sancos-trag-alarma-si-mentioneaza-ca-in-ultima-per\/","title":{"rendered":"\ud83d\udc69\ud83c\udffc\u200d\u2695\ufe0f Medicii de la Clinica Sancos trag alarma \u0219i men\u021bioneaz\u0103 c\u0103 \u00een ultima per"},"content":{"rendered":"<p>\ud83d\udc69\ud83c\udffc\u200d\u2695\ufe0f Medicii de la Clinica Sancos trag alarma \u0219i men\u021bioneaz\u0103 c\u0103 \u00een ultima perioad\u0103, majoritatea oamenilor, \u00een urma rezultatelor analizelor, prezint\u0103 deficit de vitamina D.<\/p>\n<p>\u2600\ufe0f De\u0219i o prelu\u0103m natural din razele soarelui \u0219i din alimente, este aproape imposibil s\u0103 ne asigur\u0103m doza zilnic\u0103 recomandat\u0103 strict din aceste surse. <\/p>\n<p>Situa\u021bia devine problematic\u0103 mai ales la trecerea c\u0103tre sezonul rece, atunci c\u00e2nd soarele \u00eenc\u0103lze\u0219te din ce \u00een ce mai pu\u021bin, iar oamenii se \u00eembrac\u0103 mai gros. <\/p>\n<p>Deficien\u021ba vitaminei D la adul\u021bi se manifest\u0103 prin:<br \/>\n\ud83d\udfe0 oboseal\u0103, dureri \u0219i senza\u021bie general\u0103 de r\u0103u<br \/>\n\ud83d\udfe0 durere sever\u0103 la nivelul oaselor sau a mu\u0219chilor<br \/>\n\ud83d\udfe0 imunitate sc\u0103zut\u0103<br \/>\n\ud83d\udfe0 anxietate\/depresie<br \/>\n\ud83d\udfe0 vindecarea lent\u0103 a leziunilor<\/p>\n<p>Dac\u0103 sim\u021bi c\u00e2teva dintre simptomele de mai sus, verific\u0103 nivelul vitaminei D \u0219i apeleaz\u0103 la speciali\u0219tii de la Clinica Sancos pentru a primi indica\u021biile \u0219i dozele necesare de suplimente.<\/p>\n<p>Te a\u0219tept\u0103m cu drag la noi!<br \/>\n\ud83d\udcde+373 (22) 909 909<br \/>\n\ud83d\udcde+373 (22) 909 908<br \/>\n\ud83c\udfe2Adresa noastr\u0103: bd. Moscova 16<\/p>\n","protected":false},"excerpt":{"rendered":"<p>\ud83d\udc69\ud83c\udffc\u200d\u2695\ufe0f Medicii de la Clinica Sancos trag alarma \u0219i men\u021bioneaz\u0103 c\u0103 \u00een ultima perioad\u0103, majoritatea oamenilor, \u00een urma rezultatelor analizelor, prezint\u0103 deficit de vitamina D. \u2600\ufe0f De\u0219i o prelu\u0103m natural din razele soarelui \u0219i din alimente, este aproape imposibil s\u0103 ne asigur\u0103m doza zilnic\u0103 recomandat\u0103 strict din aceste surse. Situa\u021bia devine problematic\u0103 mai ales la [&hellip;]<\/p>\n","protected":false},"author":3,"featured_media":766784,"comment_status":"open","ping_status":"open","sticky":false,"template":"","format":"standard","meta":{"_acf_changed":false,"inline_featured_image":false,"footnotes":""},"categories":[],"tags":[],"class_list":["post-766786","post","type-post","status-publish","format-standard","has-post-thumbnail","hentry"],"acf":[],"aioseo_notices":[],"_links":{"self":[{"href":"https:\/\/www.sancos.md\/ru\/wp-json\/wp\/v2\/posts\/766786","targetHints":{"allow":["GET"]}}],"collection":[{"href":"https:\/\/www.sancos.md\/ru\/wp-json\/wp\/v2\/posts"}],"about":[{"href":"https:\/\/www.sancos.md\/ru\/wp-json\/wp\/v2\/types\/post"}],"author":[{"embeddable":true,"href":"https:\/\/www.sancos.md\/ru\/wp-json\/wp\/v2\/users\/3"}],"replies":[{"embeddable":true,"href":"https:\/\/www.sancos.md\/ru\/wp-json\/wp\/v2\/comments?post=766786"}],"version-history":[{"count":0,"href":"https:\/\/www.sancos.md\/ru\/wp-json\/wp\/v2\/posts\/766786\/revisions"}],"wp:featuredmedia":[{"embeddable":true,"href":"https:\/\/www.sancos.md\/ru\/wp-json\/wp\/v2\/media\/766784"}],"wp:attachment":[{"href":"https:\/\/www.sancos.md\/ru\/wp-json\/wp\/v2\/media?parent=766786"}],"wp:term":[{"taxonomy":"category","embeddable":true,"href":"https:\/\/www.sancos.md\/ru\/wp-json\/wp\/v2\/categories?post=766786"},{"taxonomy":"post_tag","embeddable":true,"href":"https:\/\/www.sancos.md\/ru\/wp-json\/wp\/v2\/tags?post=766786"}],"curies":[{"name":"wp","href":"https:\/\/api.w.org\/{rel}","templated":true}]}}