{"id":762136,"date":"2022-07-27T15:51:00","date_gmt":"2022-07-27T15:51:00","guid":{"rendered":"https:\/\/www.sancos.md\/?p=762136"},"modified":"2022-11-29T11:22:33","modified_gmt":"2022-11-29T11:22:33","slug":"astmul-bronsic-este-o-boala-cronica-neplacuta-si-des-intalnita-care-poate-ingreuna-respiratia","status":"publish","type":"post","link":"https:\/\/www.sancos.md\/ru\/astmul-bronsic-este-o-boala-cronica-neplacuta-si-des-intalnita-care-poate-ingreuna-respiratia\/","title":{"rendered":"Astmul bron\u0219ic este o boal\u0103 cronic\u0103 nepl\u0103cut\u0103 \u0219i des \u00eent\u00e2lnit\u0103, care poate \u00eengreuna respira\u021bia."},"content":{"rendered":"\n<p>Boala este \u00eenso\u021bit\u0103 de umfl\u0103turi \u0219i spasme ale membranelor mucoase, provoc\u00e2nd probleme de respira\u021bie \u0219i crize de sufocare. Ast\u0103zi boala este recunoscut\u0103 fiind o problem\u0103 grav\u0103 a timpului nostru, afect\u00e2nd p\u00e2n\u0103 la 8% dintre adul\u021bii din \u00eentreaga lume.<\/p>\n\n\n\n<p>\u00cen caz dac\u0103 ai observat urm\u0103toarele simptome nu ezita s\u0103 te adresezi la medicul pulmonolog:<\/p>\n\n\n\n<p>\u2705&nbsp; strangul\u0103ri<\/p>\n\n\n\n<p>\u2705&nbsp; respira\u021bie \u0219uier\u0103toare la expira\u021bie<\/p>\n\n\n\n<p>\u2705&nbsp; r\u0103celi frecvente care afecteaz\u0103 sistemul respirator inferior<\/p>\n\n\n\n<p>\u2705&nbsp; dificult\u0103\u021bi ocazionale de respira\u021bie<\/p>\n\n\n\n<p>\u2705&nbsp; tuse, care devin mai pronun\u021bate noaptea<\/p>\n\n\n\n<p>\u2705&nbsp; probleme respiratorii sezoniere<\/p>\n\n\n\n<p>Pentru consulta\u021bii prealabile \u0219i detalii, suna\u021bi la:\u2063<\/p>\n\n\n\n<p>\ud83d\udcde +373 (22) 909 909 \u2063<\/p>\n\n\n\n<p>\ud83d\udcf2 +373 (22) 909 908 \u2063<\/p>\n\n\n\n<p>\ud83d\udccd bd. Moscova 16\ud83c\udf10<a href=\"http:\/\/sancos.md\/\"> sancos.md<\/a><\/p>\n","protected":false},"excerpt":{"rendered":"<p>Boala este \u00eenso\u021bit\u0103 de umfl\u0103turi \u0219i spasme ale membranelor mucoase, provoc\u00e2nd probleme de respira\u021bie \u0219i crize de sufocare. Ast\u0103zi boala este recunoscut\u0103 fiind o problem\u0103 grav\u0103 a timpului nostru, afect\u00e2nd p\u00e2n\u0103 la 8% dintre adul\u021bii din \u00eentreaga lume. \u00cen caz dac\u0103 ai observat urm\u0103toarele simptome nu ezita s\u0103 te adresezi la medicul pulmonolog: \u2705&nbsp; strangul\u0103ri [&hellip;]<\/p>\n","protected":false},"author":1,"featured_media":762096,"comment_status":"open","ping_status":"open","sticky":false,"template":"","format":"standard","meta":{"_acf_changed":false,"inline_featured_image":false,"footnotes":""},"categories":[12481,12],"tags":[],"class_list":["post-762136","post","type-post","status-publish","format-standard","has-post-thumbnail","hentry","category-ftiziopneumologie","category-pneumologie"],"acf":[],"aioseo_notices":[],"_links":{"self":[{"href":"https:\/\/www.sancos.md\/ru\/wp-json\/wp\/v2\/posts\/762136","targetHints":{"allow":["GET"]}}],"collection":[{"href":"https:\/\/www.sancos.md\/ru\/wp-json\/wp\/v2\/posts"}],"about":[{"href":"https:\/\/www.sancos.md\/ru\/wp-json\/wp\/v2\/types\/post"}],"author":[{"embeddable":true,"href":"https:\/\/www.sancos.md\/ru\/wp-json\/wp\/v2\/users\/1"}],"replies":[{"embeddable":true,"href":"https:\/\/www.sancos.md\/ru\/wp-json\/wp\/v2\/comments?post=762136"}],"version-history":[{"count":0,"href":"https:\/\/www.sancos.md\/ru\/wp-json\/wp\/v2\/posts\/762136\/revisions"}],"wp:featuredmedia":[{"embeddable":true,"href":"https:\/\/www.sancos.md\/ru\/wp-json\/wp\/v2\/media\/762096"}],"wp:attachment":[{"href":"https:\/\/www.sancos.md\/ru\/wp-json\/wp\/v2\/media?parent=762136"}],"wp:term":[{"taxonomy":"category","embeddable":true,"href":"https:\/\/www.sancos.md\/ru\/wp-json\/wp\/v2\/categories?post=762136"},{"taxonomy":"post_tag","embeddable":true,"href":"https:\/\/www.sancos.md\/ru\/wp-json\/wp\/v2\/tags?post=762136"}],"curies":[{"name":"wp","href":"https:\/\/api.w.org\/{rel}","templated":true}]}}