{"id":699653,"date":"2015-04-06T12:44:00","date_gmt":"2015-04-06T12:44:00","guid":{"rendered":"https:\/\/sancos.md\/clinica-sancos-premiata-cu-cea-mai-inalta-distinctie\/"},"modified":"2015-04-06T12:44:00","modified_gmt":"2015-04-06T12:44:00","slug":"clinica-sancos-premiata-cu-cea-mai-inalta-distinctie","status":"publish","type":"post","link":"https:\/\/www.sancos.md\/ru\/clinica-sancos-premiata-cu-cea-mai-inalta-distinctie\/","title":{"rendered":"Clinica SANCOS premiat\u0103 cu cea mai &icirc;nalt\u0103 distinc\u021bie la GALA PREMIILOR &Icirc;N S\u0102N\u0102TATE, EDI\u021aIA 2015"},"content":{"rendered":"<p>&amp;nbsp;<\/p>\n<p style=\"text-align: justify;\"><span style=\"font-family: georgia, palatino; font-size: 16px;\"><strong>Joi, 23 aprilie, &icirc;n incinta S\u0103lii cu Org\u0103 , s- a desf\u0103\u0219urat Gala Premiilor &icirc;n S\u0103n\u0103tate &#8212; cel mai important eveniment medical al anului, care \u015fi-a propus s\u0103 recunoasc\u0103 \u015fi s\u0103 aprecieze realiz\u0103rile remarcabile ale celor mai buni medici, precum \u015fi s\u0103 &icirc;ncurajeze \u015fi s\u0103 mobilizeze la fapte mari &icirc;ntreaga comunitate medical\u0103 din republic\u0103, &icirc;n edi\u021bia a patra. &Icirc;n acest an, evenimentul, a avut loc cu ocazia Zilei Mondiale a S\u0103n\u0103t\u0103\u0163ii, sub genericul &bdquo;Siguran\u021ba alimentar\u0103&rdquo;.<\/strong><\/span><\/p>\n<p>&amp;nbsp;<\/p>\n<p>&amp;nbsp;<\/p>\n<p><img fetchpriority=\"high\" decoding=\"async\" src=\"images\/news\/logo-gala-pentru-sait.jpg\" alt=\"logo gala pentru sait\" width=\"339\" height=\"190\" style=\"float: left;\" \/><\/p>\n<p style=\"text-align: justify;\"><span style=\"font-family: georgia, palatino; font-size: 16px;\">Trofeele de bronz au revenit c&acirc;\u0219tig\u0103torilor din cele 13 categorii ale GALEI. &Icirc;n perioada 1-10 aprilie, \u0219efii tuturor centrelor de s\u0103n\u0103tate public\u0103 \u0219i centrelor medicilor de familie, spitalelor, agen\u021biilor teritoriale ale CNAM, institu\u021biilor medicale din sistem, ONG-urilor &icirc;n s\u0103n\u0103tate, redac\u021biilor media i-au nominalizat pe cei mai buni promotori ai sistemului de s\u0103n\u0103tate din institu\u021biile conduse de ei. Dup\u0103 aceasta, un juriu compus din 17 persoane i-a selectat pe c&acirc;\u0219tig\u0103tori dintr-o list\u0103 de 50 de echipe \u0219i persoane desemnate.<\/span><\/p>\n<p style=\"text-align: justify;\"><span style=\"font-family: georgia, palatino; font-size: 16px;\">Clinica &rdquo;SANCOS&rdquo;&amp;nbsp; s-a num\u0103rat printre c&icirc;\u0219tig\u0103tori, fiind nominalizat &icirc;icirc;n cadrul concursului la categoria &ldquo;Cea mai bun\u0103 echip\u0103 a medicului de familie&rdquo;. La eviden\u021ba medicilor de familie ai Clinicii &rdquo;SANCOS&rdquo; se num\u0103r\u0103 &icirc;n prezent peste 12.000 de persoane. Asisten\u021ba medical\u0103 primar\u0103 este prestat\u0103 de c\u0103tre 6 oficii ale medicilor de familie, unde activeaz\u0103 7 medici \u0219i 10 asistente medicale. &Icirc;n 2014 echipa medicilor de familie a Clinicii &bdquo;SANCOS&rdquo; a realizat o serie de campanii de amploare privind modul s\u0103n\u0103tos de via\u021b\u0103, printre care un proiect de nivel interna\u021bional &icirc;n scopul sus\u021binerii emigran\u021bilor moldoveni din regiunea Toscana, Italia.&amp;nbsp; Speciali\u0219tii din cadrul Clinicii au organizat un centru mobil de s\u0103n\u0103tate, &icirc;n cadrul c\u0103ruia peste 150 de persoane au avut posibilitatea s\u0103 verifice&amp;nbsp; starea&amp;nbsp; de s\u0103n\u0103tate.<\/span><\/p>\n<p><span style=\"font-family: georgia, palatino; font-size: 16px;\">\u021ainem s\u0103 v\u0103 aducem sincere mul\u021bumiri pentru &icirc;ncrederea acordat\u0103 \u0219i s\u0103 v\u0103 asigur\u0103m c\u0103 \u0219i &icirc;n continuare vom da dovad\u0103 de mult profesionalism, performan\u021be &icirc;n activitate \u0219i dedica\u021bie profesiei de medic, pentru ca&amp;nbsp;<strong>M\u0103ria Sa Pacientul<\/strong>&amp;nbsp;s\u0103 r\u0103m&icirc;n\u0103 satisf\u0103cut s\u0103n\u0103tos \u0219i z&icirc;mbitor!<\/span><\/p>\n<div style=\"margin: auto; text-align: center;\"><img decoding=\"async\" src=\"images\/news\/DSC_1682-min.JPG\" alt=\"DSC 1682 min\" width=\"271\" height=\"271\" \/> <img decoding=\"async\" src=\"images\/news\/DSC_1684-min.JPG\" alt=\"DSC 1684 min\" width=\"270\" height=\"272\" \/><\/div>\n<div style=\"margin: auto; text-align: center;\"><img loading=\"lazy\" decoding=\"async\" src=\"images\/news\/DSC_1687-min.JPG\" alt=\"DSC 1687 min\" width=\"266\" height=\"273\" \/> <img loading=\"lazy\" decoding=\"async\" src=\"images\/news\/DSC_1703-min.JPG\" alt=\"DSC 1703 min\" width=\"332\" height=\"292\" \/><\/div>\n<div style=\"margin: auto;\"><img loading=\"lazy\" decoding=\"async\" src=\"images\/news\/DSC_1715-min.JPG\" alt=\"DSC 1715 min\" width=\"456\" height=\"292\" style=\"display: block; margin-left: auto; margin-right: auto;\" \/> <img loading=\"lazy\" decoding=\"async\" src=\"images\/news\/DSC_1722-min.JPG\" alt=\"DSC 1722 min\" width=\"438\" height=\"318\" style=\"display: block; margin-left: auto; margin-right: auto;\" \/><\/div>\n","protected":false},"excerpt":{"rendered":"<p>&amp;nbsp; Joi, 23 aprilie, &icirc;n incinta S\u0103lii cu Org\u0103 , s- a desf\u0103\u0219urat Gala Premiilor &icirc;n S\u0103n\u0103tate &#8212; cel mai important eveniment medical al anului, care \u015fi-a propus s\u0103 recunoasc\u0103 \u015fi s\u0103 aprecieze realiz\u0103rile remarcabile ale celor mai buni medici, precum \u015fi s\u0103 &icirc;ncurajeze \u015fi s\u0103 mobilizeze la fapte mari &icirc;ntreaga comunitate medical\u0103 din republic\u0103, [&hellip;]<\/p>\n","protected":false},"author":1,"featured_media":699654,"comment_status":"open","ping_status":"open","sticky":false,"template":"","format":"standard","meta":{"_acf_changed":false,"inline_featured_image":false,"footnotes":""},"categories":[],"tags":[],"class_list":["post-699653","post","type-post","status-publish","format-standard","has-post-thumbnail","hentry"],"acf":[],"aioseo_notices":[],"_links":{"self":[{"href":"https:\/\/www.sancos.md\/ru\/wp-json\/wp\/v2\/posts\/699653","targetHints":{"allow":["GET"]}}],"collection":[{"href":"https:\/\/www.sancos.md\/ru\/wp-json\/wp\/v2\/posts"}],"about":[{"href":"https:\/\/www.sancos.md\/ru\/wp-json\/wp\/v2\/types\/post"}],"author":[{"embeddable":true,"href":"https:\/\/www.sancos.md\/ru\/wp-json\/wp\/v2\/users\/1"}],"replies":[{"embeddable":true,"href":"https:\/\/www.sancos.md\/ru\/wp-json\/wp\/v2\/comments?post=699653"}],"version-history":[{"count":0,"href":"https:\/\/www.sancos.md\/ru\/wp-json\/wp\/v2\/posts\/699653\/revisions"}],"wp:featuredmedia":[{"embeddable":true,"href":"https:\/\/www.sancos.md\/ru\/wp-json\/wp\/v2\/media\/699654"}],"wp:attachment":[{"href":"https:\/\/www.sancos.md\/ru\/wp-json\/wp\/v2\/media?parent=699653"}],"wp:term":[{"taxonomy":"category","embeddable":true,"href":"https:\/\/www.sancos.md\/ru\/wp-json\/wp\/v2\/categories?post=699653"},{"taxonomy":"post_tag","embeddable":true,"href":"https:\/\/www.sancos.md\/ru\/wp-json\/wp\/v2\/tags?post=699653"}],"curies":[{"name":"wp","href":"https:\/\/api.w.org\/{rel}","templated":true}]}}