{"id":699069,"date":"2014-10-22T13:38:00","date_gmt":"2014-10-22T13:38:00","guid":{"rendered":"https:\/\/sancos.md\/clinila-sancos\/"},"modified":"2014-10-22T13:38:00","modified_gmt":"2014-10-22T13:38:00","slug":"clinila-sancos","status":"publish","type":"post","link":"https:\/\/www.sancos.md\/ru\/clinila-sancos\/","title":{"rendered":"Clinica &ldquo; SANCOS&rdquo; \u0219i-a &icirc;ncheiat cu succes misiunea din cadrul proiectului social Interna\u021bional &rdquo;S\u0102N\u0102TATEA TA- VIITORUL TAU&rdquo;! 0"},"content":{"rendered":"<p>&amp;nbsp;<\/p>\n<p style=\"text-align: justify;\"><span style=\"font-size: 16px; font-family: georgia, palatino;\">&Icirc;n perioada 23-27 octombrie curent, un grup de medici speciali\u0219ti din cadrul Clinicii &rdquo;SANCOS&rdquo; &icirc;n parteneriat cu Asocia\u021bia &rdquo;Fraternita Mondiale&rdquo; din Italia, Floren\u021ba \u0219i Biroul de Rela\u021bii cu Diaspora care a organizat rela\u021bia cu autorit\u0103\u021bile publice locale, sus\u021binerea metodic\u0103 \u0219i informarea popula\u021biei, au derulat un proiect social &icirc;n sprijinul migran\u0163ilor din regiunea Toscana, Italia care sunt &icirc;n dificultate \u0219i anume &#8212; statutul ilegal, lipsa poli\u0163ei de asigurare medical\u0103 sau &icirc;n situa\u0163ii de vulnerabilitate social\u0103, &icirc;n scopul prevenirii situa\u0163iilor critice de s\u0103n\u0103tate.<\/span><\/p>\n<p style=\"text-align: justify;\">&amp;nbsp;<\/p>\n<p style=\"text-align: justify;\"><span style=\"font-size: 16px; font-family: georgia, palatino;\">La sediul Asocia\u021biei din Floren\u021ba, a fost organizat un centru mobil de s\u0103n\u0103tate unde aceste persoane au avut posibilitatea gratuit s\u0103-\u0219i verifice starea s\u0103n\u0103t\u0103\u0163ii la urm\u0103torii medici speciali\u015fti: terapeut, cardiolog, ginecolog, urolog, dermatolog, neurolog, ORL, psiholog, imagist (cu examinare ultrasonografic\u0103), au efectuat teste \u015fi analize de laborator \u0219i cardiograme.<\/span><\/p>\n<p style=\"text-align: justify;\">&amp;nbsp;<\/p>\n<p style=\"text-align: justify;\"><span style=\"font-size: 16px; font-family: georgia, palatino;\">Unul dintre scopurile proiectului, &icirc;n afara prest\u0103rii serviciilor medicale, a fost informarea popula\u021biei despre legisla\u021bia ce \u021bine de Asisten\u021ba Medical\u0103 din \u021bar\u0103. Migran\u021bii au primit informa\u021bii despre semnifica\u021bia procur\u0103rii poli\u021beleor de asigurare c&icirc;t \u0219i utilizarea lor, beneficiile persoanelor asigurate cum ar fi procurarea medicamentelor compensate, consulta\u021biile la speciali\u0219tii de profil, oportunitatea investiga\u021biilor costisitoare programate &icirc;n baza poli\u021bei, importan\u021ba ata\u0219\u0103rii la un medic de familie de acas\u0103 \u0219i men\u021binera unei leg\u0103turi viabile cu acesta, chiar \u0219i pe parcursul afl\u0103rii peste hotarele \u021b\u0103rii.<\/span><\/p>\n<p style=\"text-align: justify;\">&amp;nbsp;<\/p>\n<p style=\"text-align: justify;\"><span style=\"font-size: 16px; font-family: georgia, palatino;\">Echipa de la &rdquo;SANCOS&bdquo; a f\u0103cut tot posibilul pentru a-i &icirc;ncuraja c\u0103 pot reveni \u0219i beneficia de servicii medicale de calitate \u0219i investiga\u021bii performante oric&acirc;nd \u0219i acas\u0103. Dialogul cu migran\u021bii a permis identificarea factorilor de risc ai st\u0103rii de s\u0103n\u0103tate, \u0219i oferirea solu\u021biilor cu scop de profilaxie \u0219i men\u021binere c&acirc;t mai mult posibil, la un nivel acceptabil a st\u0103rii lor de s\u0103n\u0103tate.<\/span><\/p>\n<p style=\"text-align: justify;\"><span style=\"font-size: 16px; font-family: georgia, palatino;\">Au fost consultate peste 150 de persoane, &icirc;n special femei. Pentru fiecare persoan\u0103 a fost emis\u0103 o fi\u0219\u0103 medical\u0103, care include deciziile consultative a medicilor speciali\u0219ti viza\u021bi cu posibilitatea unei rela\u021bii de continuitate cu medicii de la &rdquo;SANCOS&rdquo;. Persoanele consultate au fost profund cointeresate de &icirc;nscrierea &icirc;n lista medicului de familie la CMF &rdquo;SANCOS&rdquo;, care este contractat\u0103 de CNAM \u0219i ofer\u0103 servicii de asisten\u021b\u0103 medical\u0103 primar\u0103 \u0219i specializat\u0103, acest lucru fiind posibil, dat fiind faptul c\u0103 ne afl\u0103m &icirc;n perioada care permite &icirc;nregistrarea sau schimbarea medicului de familie.<\/span><\/p>\n<p style=\"text-align: justify;\">&amp;nbsp;<\/p>\n<p style=\"text-align: justify;\"><span style=\"font-size: 16px; font-family: georgia, palatino;\">Dintre problemele depistate, cele mai frecvent &icirc;nt&icirc;lnite au fost durerile somatice, deregl\u0103ri ale procesului de digestie, boli cario-vasculare, crize hipertensive, depresii sau disconfort emo\u021bional,cefalee etc. Prezen\u021ba femeilor a fost mai masiv\u0103,deoarece care pe l&acirc;ng\u0103 problemele generale de s\u0103n\u0103tate ale migran\u021bilor, ele mai au \u0219i probleme de s\u0103n\u0103tate specifice ca urmare a na\u0219terilor premature, avorturilor, dureri ovariene etc.<\/span><\/p>\n<p style=\"text-align: justify;\">&amp;nbsp;<\/p>\n<p style=\"text-align: justify;\"><span style=\"font-size: 16px; font-family: georgia, palatino;\">To\u021bi participan\u021bii s-au ar\u0103tat foarte receptivi \u0219i chiar impresiona\u021bi fa\u021b\u0103 de ini\u021biativa proiectului, motiv&icirc;nd c\u0103 adresarea la un medic din Italia este foarte costisitoare, cu prec\u0103dere pentru persoanele cu statut illegal, &icirc;ntrebarea cheie fiind dac\u0103 proiecte de acest gen vor mai fi desf\u0103\u0219urate. La eveniment a fost prezent Dl. Marco Carraresi de la Consiliul Regional TOSCANA, care a sus\u021binut proiectul din partea oficialit\u0103\u021bilor italiene locale. &Icirc;n cadrul evenimentului au participat reprezentan\u021bi ai Consulatului General al Republicii Moldova din Milano care au efectuat o deplasare de serviciu in or. Firenze (Floren\u0163a)\u0219i au prestat servicii consulare.<\/span><\/p>\n<p style=\"text-align: justify;\">&amp;nbsp;<\/p>\n<p style=\"text-align: justify;\"><span style=\"font-size: 16px; font-family: georgia, palatino;\">La finele proiectului a fost organizat un concert artistic cu participarea forma\u021biei Catharsis.<\/span><\/p>\n<p style=\"text-align: justify;\">&amp;nbsp;<\/p>\n<p style=\"text-align: justify;\"><span style=\"font-size: 16px; font-family: georgia, palatino;\">Republica Moldova este una dintre \u0163\u0103rile lumii cele mai afectate de emigrarea cet\u0103\u0163enilor s\u0103i peste hotare &icirc;n scop de munc\u0103, fie sezonier\u0103, fie pe termen mai lung. Dezbaterile pe aceast\u0103 tem\u0103 arat\u0103 c\u0103 cet\u0103\u0163enii europeni se tem c\u0103 sistemul de s\u0103n\u0103tate va fi utilizat necorespunz\u0103tor \u015fi c\u0103 aceste grupuri ale popula\u0163iei vor reprezenta o povar\u0103 pentru serviciile medicale, favoriz&acirc;nd, &icirc;n acela\u015fi timp, r\u0103sp&acirc;ndirea unor boli infec\u0163ioase. &Icirc;n acest context, este necesar de a cunoa\u015fte \u015fi de a monitoriza starea de s\u0103n\u0103tate a migran\u0163ilor &icirc;n vederea asigur\u0103rii unei securit\u0103\u0163i epidemiologice na\u0163ionale.<\/span><\/p>\n<p style=\"text-align: justify;\">&amp;nbsp;<\/p>\n<p style=\"text-align: center;\"><span style=\"font-size: 16px; font-family: georgia, palatino;\">Migran\u021bii sunt categoria care prezint\u0103 o vulnerabilitate mai crescut\u0103 la boli, din diverse motive: stare socio-economic\u0103 precar\u0103, acces limitat la asisten\u0163\u0103 medical\u0103, lipsa de informare cu privire la accesarea serviciilor de s\u0103n\u0103tate, stigmatizare \u015fi discriminare din partea societ\u0103\u0163ii. Sper\u0103m s\u0103 ob\u021binem o rela\u021bie de continuitate &icirc;n timp cu persoanele care au participat &icirc;n proiect, c&icirc;t \u0219i s\u0103 mai realiz\u0103m astfel de ini\u021biative frumoase \u0219i utile at&icirc;t pentru noi c&icirc;t \u0219i pentru concet\u0103\u021benii no\u0219tri.<\/span><span style=\"font-family: georgia, palatino; font-size: 16px;\">&amp;nbsp; &amp;nbsp; &amp;nbsp;<\/span><span style=\"font-family: georgia, palatino; font-size: 16px;\">&amp;nbsp; &amp;nbsp;&amp;nbsp;<\/span><span style=\"font-family: georgia, palatino; font-size: 16px;\">&amp;nbsp; &amp;nbsp;<\/span><span style=\"font-family: georgia, palatino; font-size: 16px;\">&amp;nbsp; &amp;nbsp;&amp;nbsp;<\/span><span style=\"font-family: georgia, palatino; font-size: 16px;\">&amp;nbsp; &amp;nbsp;<\/span><span style=\"font-family: georgia, palatino; font-size: 16px;\">&amp;nbsp; &amp;nbsp;<\/span><\/p>\n<p style=\"text-align: center;\"><img decoding=\"async\" src=\"images\/statii\/c01.JPG\" alt=\"c01\" \/><\/p>\n<p style=\"text-align: center;\"><img decoding=\"async\" src=\"images\/statii\/c02.JPG\" alt=\"c02\" \/><\/p>\n<p style=\"text-align: center;\"><img decoding=\"async\" src=\"images\/statii\/c03.JPG\" alt=\"c03\" \/><\/p>\n<p style=\"text-align: center;\"><img decoding=\"async\" src=\"images\/statii\/c04.JPG\" alt=\"c04\" \/><\/p>\n<p><img decoding=\"async\" src=\"images\/statii\/c05.JPG\" alt=\"c05\" style=\"display: block; margin-left: auto; margin-right: auto;\" \/><\/p>\n<p><img decoding=\"async\" src=\"images\/statii\/c08.JPG\" alt=\"c08\" \/><\/p>\n<p><img decoding=\"async\" src=\"images\/statii\/c007.JPG\" alt=\"c007\" \/><\/p>\n","protected":false},"excerpt":{"rendered":"<p>&amp;nbsp; &Icirc;n perioada 23-27 octombrie curent, un grup de medici speciali\u0219ti din cadrul Clinicii &rdquo;SANCOS&rdquo; &icirc;n parteneriat cu Asocia\u021bia &rdquo;Fraternita Mondiale&rdquo; din Italia, Floren\u021ba \u0219i Biroul de Rela\u021bii cu Diaspora care a organizat rela\u021bia cu autorit\u0103\u021bile publice locale, sus\u021binerea metodic\u0103 \u0219i informarea popula\u021biei, au derulat un proiect social &icirc;n sprijinul migran\u0163ilor din regiunea Toscana, Italia [&hellip;]<\/p>\n","protected":false},"author":1,"featured_media":699070,"comment_status":"open","ping_status":"open","sticky":false,"template":"","format":"standard","meta":{"_acf_changed":false,"inline_featured_image":false,"footnotes":""},"categories":[],"tags":[],"class_list":["post-699069","post","type-post","status-publish","format-standard","has-post-thumbnail","hentry"],"acf":[],"aioseo_notices":[],"_links":{"self":[{"href":"https:\/\/www.sancos.md\/ru\/wp-json\/wp\/v2\/posts\/699069","targetHints":{"allow":["GET"]}}],"collection":[{"href":"https:\/\/www.sancos.md\/ru\/wp-json\/wp\/v2\/posts"}],"about":[{"href":"https:\/\/www.sancos.md\/ru\/wp-json\/wp\/v2\/types\/post"}],"author":[{"embeddable":true,"href":"https:\/\/www.sancos.md\/ru\/wp-json\/wp\/v2\/users\/1"}],"replies":[{"embeddable":true,"href":"https:\/\/www.sancos.md\/ru\/wp-json\/wp\/v2\/comments?post=699069"}],"version-history":[{"count":0,"href":"https:\/\/www.sancos.md\/ru\/wp-json\/wp\/v2\/posts\/699069\/revisions"}],"wp:featuredmedia":[{"embeddable":true,"href":"https:\/\/www.sancos.md\/ru\/wp-json\/wp\/v2\/media\/699070"}],"wp:attachment":[{"href":"https:\/\/www.sancos.md\/ru\/wp-json\/wp\/v2\/media?parent=699069"}],"wp:term":[{"taxonomy":"category","embeddable":true,"href":"https:\/\/www.sancos.md\/ru\/wp-json\/wp\/v2\/categories?post=699069"},{"taxonomy":"post_tag","embeddable":true,"href":"https:\/\/www.sancos.md\/ru\/wp-json\/wp\/v2\/tags?post=699069"}],"curies":[{"name":"wp","href":"https:\/\/api.w.org\/{rel}","templated":true}]}}